{"id":650,"date":"2021-04-29T08:35:08","date_gmt":"2021-04-29T06:35:08","guid":{"rendered":"http:\/\/jagd-im-mittelalter.de\/?p=650"},"modified":"2021-06-19T12:09:53","modified_gmt":"2021-06-19T10:09:53","slug":"blogbeitrag-erschienen","status":"publish","type":"post","link":"http:\/\/jagd-im-mittelalter.de\/?p=650","title":{"rendered":"Blogbeitrag erschienen!"},"content":{"rendered":"\n<p style=\"font-size: 17px; text-align: justify;\">Bereits in der letzten Woche ist auf dem <a href=\"https:\/\/hwgl.hypotheses.org\">Blog<\/a> des &#8218;Netzwerks Historische Wissens- und Gebrauchsliteratur&#8216; ein Blogbeitrag von Simone Schultz-Balluff erschienen, in dem \u00dcberlegungen zum Benutzungsprofil des M\u00fcnchener Jagdbuchs (UB M\u00fcnchen, 8\u00b0 Cod. ms. 354) angestellt werden. Das M\u00fcnchener Jagdbuch beansprucht deswegen besonderes Interesse, weil es als ein jagdlicher &#8218;Allrounder&#8216; des Sp\u00e4tmittelalters bewertet werden kann.<\/p>\n<p style=\"font-size: 17px; text-align: justify;\">\u00dcber folgenden Link gelangen Sie direkt zum Beitrag: <a href=\"https:\/\/hwgl.hypotheses.org\/1397\">https:\/\/hwgl.hypotheses.org\/1397<\/a><\/p>\n","protected":false},"excerpt":{"rendered":"<p>Bereits in der letzten Woche ist auf dem Blog des &#8218;Netzwerks Historische Wissens- und Gebrauchsliteratur&#8216; ein Blogbeitrag von Simone Schultz-Balluff erschienen, in dem \u00dcberlegungen zum Benutzungsprofil des M\u00fcnchener Jagdbuchs (UB M\u00fcnchen, 8\u00b0 Cod. ms. 354) angestellt werden. Das M\u00fcnchener Jagdbuch beansprucht deswegen besonderes Interesse, weil es als ein jagdlicher &#8218;Allrounder&#8216; des Sp\u00e4tmittelalters bewertet werden kann&#8230;.<\/p>\n","protected":false},"author":1,"featured_media":651,"comment_status":"open","ping_status":"open","sticky":false,"template":"","format":"standard","meta":{"_links_to":"","_links_to_target":""},"categories":[1],"tags":[9,10,6,7,8,11],"_links":{"self":[{"href":"http:\/\/jagd-im-mittelalter.de\/index.php?rest_route=\/wp\/v2\/posts\/650"}],"collection":[{"href":"http:\/\/jagd-im-mittelalter.de\/index.php?rest_route=\/wp\/v2\/posts"}],"about":[{"href":"http:\/\/jagd-im-mittelalter.de\/index.php?rest_route=\/wp\/v2\/types\/post"}],"author":[{"embeddable":true,"href":"http:\/\/jagd-im-mittelalter.de\/index.php?rest_route=\/wp\/v2\/users\/1"}],"replies":[{"embeddable":true,"href":"http:\/\/jagd-im-mittelalter.de\/index.php?rest_route=%2Fwp%2Fv2%2Fcomments&post=650"}],"version-history":[{"count":12,"href":"http:\/\/jagd-im-mittelalter.de\/index.php?rest_route=\/wp\/v2\/posts\/650\/revisions"}],"predecessor-version":[{"id":1340,"href":"http:\/\/jagd-im-mittelalter.de\/index.php?rest_route=\/wp\/v2\/posts\/650\/revisions\/1340"}],"wp:featuredmedia":[{"embeddable":true,"href":"http:\/\/jagd-im-mittelalter.de\/index.php?rest_route=\/wp\/v2\/media\/651"}],"wp:attachment":[{"href":"http:\/\/jagd-im-mittelalter.de\/index.php?rest_route=%2Fwp%2Fv2%2Fmedia&parent=650"}],"wp:term":[{"taxonomy":"category","embeddable":true,"href":"http:\/\/jagd-im-mittelalter.de\/index.php?rest_route=%2Fwp%2Fv2%2Fcategories&post=650"},{"taxonomy":"post_tag","embeddable":true,"href":"http:\/\/jagd-im-mittelalter.de\/index.php?rest_route=%2Fwp%2Fv2%2Ftags&post=650"}],"curies":[{"name":"wp","href":"https:\/\/api.w.org\/{rel}","templated":true}]}}